{"id":453,"date":"2025-07-07T14:28:16","date_gmt":"2025-07-07T14:28:16","guid":{"rendered":"https:\/\/www.dmsportlive.it\/?p=453"},"modified":"2025-07-07T14:28:16","modified_gmt":"2025-07-07T14:28:16","slug":"promozione-marche-gabicce-gradara-ecco-la-punta","status":"publish","type":"post","link":"https:\/\/www.dmsportlive.it\/?p=453","title":{"rendered":"Promozione Marche: Gabicce Gradara ecco la punta"},"content":{"rendered":"\n<p class=\"wp-block-paragraph\">I rossoblu perfezionano in avanti il colpo Fedeli.<\/p>\n\n\n\n<p class=\"wp-block-paragraph\">I<strong>l Gabicce Gradara<\/strong> comunica di avere ingaggiato per la prossima stagione agonistica l\u2019attaccante <strong><em>Eric Fedeli<\/em><\/strong> <em><strong>(foto Savignanese Calcio<\/strong><\/em>) , classe 1992. Si tratta di un giocatore (\u00e8 alto 1,87) che si affaccia per la prima volta sul palcoscenico del campionato di Promozione Marche, ma vanta una lunga esperienza e una collaudata capacit\u00e0 di andare in gol: sette stagioni al Torconca tra Promozione ed Eccellenza di cui tre con Simone Lilli in panchina (ha realizzato 43 gol in questo triennio) \u2013 il tecnico che ritrova al Gabicce Gradara e con cui ha centrato una promozione in Eccellenza &#8211; ; sei stagioni nel campionato sammarinese con Faetano, Murata (due), Folgore, Domagnano e Tre Fiori ed, infine, ultimo campionato alla Savignanese (Promozione Romagna, 19 gol), la squadra della sua citt\u00e0. Le sue stagioni pi\u00f9 prolifiche come bomber sono state due, entrambe al Torconca (23 gol ciascuna).<\/p>\n\n\n\n<p class=\"wp-block-paragraph\">\u201c<em>Avevo altre offerte, a San Marino ed in Italia, e quando si \u00e8 palesata la opportunit\u00e0 del Gabicce Gradara ed un palcoscenico nuovo per me, stuzzicante ad ascoltare chi conosce a fondo il campionato \u2013 racconta Fedeli &#8211; , con un coefficiente di difficolt\u00e0 forse superiore alla Promozione romagnola o comunque un torneo dalle caratteristiche diverse, ho preso in seria considerazione l\u2019ipotesi di mettermi in gioco. La presenza di mister Lilli \u00e8 stata decisiva\u201d.<\/em><\/p>\n\n\n\n<p class=\"wp-block-paragraph\"><strong>Perch\u00e9?<\/strong><\/p>\n\n\n\n<p class=\"wp-block-paragraph\"><em>\u201cIl mister mi conosce a fondo ed io conosco lui: \u00e8 un tecnico preparato, che non molla, che porta entusiasmo. Il suo pregio pi\u00f9 grande \u00e8 che non si accontenta mai. In questi anni siamo rimasti in contatto e lui ha spinto molto affinch\u00e9 accettassi\u201d<\/em>.<\/p>\n\n\n\n<p class=\"wp-block-paragraph\"><strong>Sar\u00e0 prima o seconda punta?<\/strong><\/p>\n\n\n\n<p class=\"wp-block-paragraph\"><em>\u201cSono nato come attaccante esterno, col tempo ho interpretato tutti i ruoli offensivi: seconda punta, trequartista, punta centrale. Parlando col mister ha intenzione di schierarmi come prima punta. Vedremo cammin facendo\u201d.<\/em><\/p>\n\n\n\n<p class=\"wp-block-paragraph\"><strong>Le sue caratteristiche?<\/strong><\/p>\n\n\n\n<p class=\"wp-block-paragraph\">\u201c<em>Sono destro, ma uso anche il sinistro. Ho fatto gol in tutte le maniere, in area di rigore oppure da fuori sfruttando il tiro, il pezzo forte del mio repertorio. Mi piace cercare l\u2019uno contro uno per andare al tiro evitando la marcatura avversaria con la finta. Mi ritengo un attaccante sufficientemente freddo negli ultimi 16 metri\u201d.<\/em><\/p>\n","protected":false},"excerpt":{"rendered":"<p>I rossoblu perfezionano in avanti il colpo Fedeli. Il Gabicce Gradara comunica di avere ingaggiato per la prossima stagione agonistica l\u2019attaccante Eric Fedeli (foto Savignanese Calcio) , classe 1992. Si tratta di un giocatore (\u00e8 alto 1,87) che si affaccia per la prima volta sul palcoscenico del campionato di Promozione Marche, ma vanta una lunga [&hellip;]<\/p>\n","protected":false},"author":1,"featured_media":454,"comment_status":"closed","ping_status":"closed","sticky":false,"template":"","format":"standard","meta":{"footnotes":""},"categories":[11],"tags":[],"class_list":["post-453","post","type-post","status-publish","format-standard","has-post-thumbnail","category-promozionemarche","czr-hentry"],"_links":{"self":[{"href":"https:\/\/www.dmsportlive.it\/index.php?rest_route=\/wp\/v2\/posts\/453","targetHints":{"allow":["GET"]}}],"collection":[{"href":"https:\/\/www.dmsportlive.it\/index.php?rest_route=\/wp\/v2\/posts"}],"about":[{"href":"https:\/\/www.dmsportlive.it\/index.php?rest_route=\/wp\/v2\/types\/post"}],"author":[{"embeddable":true,"href":"https:\/\/www.dmsportlive.it\/index.php?rest_route=\/wp\/v2\/users\/1"}],"replies":[{"embeddable":true,"href":"https:\/\/www.dmsportlive.it\/index.php?rest_route=%2Fwp%2Fv2%2Fcomments&post=453"}],"version-history":[{"count":1,"href":"https:\/\/www.dmsportlive.it\/index.php?rest_route=\/wp\/v2\/posts\/453\/revisions"}],"predecessor-version":[{"id":455,"href":"https:\/\/www.dmsportlive.it\/index.php?rest_route=\/wp\/v2\/posts\/453\/revisions\/455"}],"wp:featuredmedia":[{"embeddable":true,"href":"https:\/\/www.dmsportlive.it\/index.php?rest_route=\/wp\/v2\/media\/454"}],"wp:attachment":[{"href":"https:\/\/www.dmsportlive.it\/index.php?rest_route=%2Fwp%2Fv2%2Fmedia&parent=453"}],"wp:term":[{"taxonomy":"category","embeddable":true,"href":"https:\/\/www.dmsportlive.it\/index.php?rest_route=%2Fwp%2Fv2%2Fcategories&post=453"},{"taxonomy":"post_tag","embeddable":true,"href":"https:\/\/www.dmsportlive.it\/index.php?rest_route=%2Fwp%2Fv2%2Ftags&post=453"}],"curies":[{"name":"wp","href":"https:\/\/api.w.org\/{rel}","templated":true}]}}